{"id":5683,"date":"2021-10-25T07:18:45","date_gmt":"2021-10-25T07:18:45","guid":{"rendered":"https:\/\/paisdigital.org\/libroaniversario\/?p=5683"},"modified":"2021-10-25T07:18:50","modified_gmt":"2021-10-25T07:18:50","slug":"accenture","status":"publish","type":"post","link":"http:\/\/paisdigital.org\/libroaniversario\/accenture\/","title":{"rendered":"ACCENTURE"},"content":{"rendered":"<p><b>Gabriela \u00c1lvarez, Directora Ejecutiva de Accenture Interactive<\/b><\/p>\n<p><span style=\"font-weight: 400;\">La Fundaci\u00f3n Pa\u00eds Digital es un gran aliado de Accenture para impulsar la transformaci\u00f3n digital de todos los aspectos de nuestra sociedad.<\/span><\/p>\n<p><span style=\"font-weight: 400;\">En esta l\u00ednea, los Summit de FPD han sido una gran vitrina donde Accenture ha podido compartir su visi\u00f3n sobre el futuro de la tecnolog\u00eda y el impacto en las organizaciones y personas.<\/span><\/p>\n<p><span style=\"font-weight: 400;\">Otra gran iniciativa que realizamos en conjunto fue el estudio del Futuro del Trabajo en Chile, el cual nos permiti\u00f3 \u201cmedir\u201d la importancia que tiene para el pa\u00eds invertir en nuevas tecnolog\u00edas, y especialmente, en preparar hoy a las personas para trabajar en conjunto con ellas. Con ese informe dimos apertura a un importante di\u00e1logo a nivel nacional y un punto de partida para avanzar con mayor velocidad.<\/span><\/p>\n<p><span style=\"font-weight: 400;\">En Accenture forjamos el futuro, no s\u00f3lo porque aplicamos tecnolog\u00eda, sino que porque la creamos. Nuestra visi\u00f3n es que hoy todo negocio es tecnol\u00f3gico y, por lo tanto, toda estrategia empresarial l\u00edder necesita considerar c\u00f3mo las nuevas tecnolog\u00edas impactar\u00e1n la experiencia tanto de sus clientes, como de sus colaboradores, proveedores y la sociedad en general (como la inteligencia artificial, VR\/XR, industria X, 5G, por ejemplo) y permitir\u00e1n potenciar el crecimiento sostenible de sus resultados.<\/span><\/p>\n<p>&nbsp;<\/p>\n","protected":false},"excerpt":{"rendered":"<p>Gabriela \u00c1lvarez, Directora Ejecutiva de Accenture Interactive La Fundaci\u00f3n Pa\u00eds Digital es un gran aliado de Accenture para impulsar la transformaci\u00f3n digital de todos los aspectos de nuestra sociedad. En esta l\u00ednea, los Summit de FPD han sido una gran vitrina donde Accenture ha podido compartir su visi\u00f3n sobre el futuro de la tecnolog\u00eda y [&hellip;]<\/p>\n","protected":false},"author":1,"featured_media":5425,"comment_status":"open","ping_status":"open","sticky":false,"template":"","format":"quote","meta":{"footnotes":""},"categories":[1],"tags":[],"class_list":["post-5683","post","type-post","status-publish","format-quote","has-post-thumbnail","hentry","category-uncategorized","post_format-post-format-quote"],"_links":{"self":[{"href":"http:\/\/paisdigital.org\/libroaniversario\/wp-json\/wp\/v2\/posts\/5683","targetHints":{"allow":["GET"]}}],"collection":[{"href":"http:\/\/paisdigital.org\/libroaniversario\/wp-json\/wp\/v2\/posts"}],"about":[{"href":"http:\/\/paisdigital.org\/libroaniversario\/wp-json\/wp\/v2\/types\/post"}],"author":[{"embeddable":true,"href":"http:\/\/paisdigital.org\/libroaniversario\/wp-json\/wp\/v2\/users\/1"}],"replies":[{"embeddable":true,"href":"http:\/\/paisdigital.org\/libroaniversario\/wp-json\/wp\/v2\/comments?post=5683"}],"version-history":[{"count":2,"href":"http:\/\/paisdigital.org\/libroaniversario\/wp-json\/wp\/v2\/posts\/5683\/revisions"}],"predecessor-version":[{"id":5685,"href":"http:\/\/paisdigital.org\/libroaniversario\/wp-json\/wp\/v2\/posts\/5683\/revisions\/5685"}],"wp:featuredmedia":[{"embeddable":true,"href":"http:\/\/paisdigital.org\/libroaniversario\/wp-json\/wp\/v2\/media\/5425"}],"wp:attachment":[{"href":"http:\/\/paisdigital.org\/libroaniversario\/wp-json\/wp\/v2\/media?parent=5683"}],"wp:term":[{"taxonomy":"category","embeddable":true,"href":"http:\/\/paisdigital.org\/libroaniversario\/wp-json\/wp\/v2\/categories?post=5683"},{"taxonomy":"post_tag","embeddable":true,"href":"http:\/\/paisdigital.org\/libroaniversario\/wp-json\/wp\/v2\/tags?post=5683"}],"curies":[{"name":"wp","href":"https:\/\/api.w.org\/{rel}","templated":true}]}}